{"id":589,"date":"2015-07-06T08:00:37","date_gmt":"2015-07-06T06:00:37","guid":{"rendered":"http:\/\/hannestadterrasse.no.datasenter.no\/info\/?p=589"},"modified":"2015-07-02T14:20:08","modified_gmt":"2015-07-02T12:20:08","slug":"drift-og-vedlikehold","status":"publish","type":"post","link":"https:\/\/hannestadterrasse.no\/?p=589","title":{"rendered":"Drift og vedlikehold"},"content":{"rendered":"<p>Styret takker for en vellykket og sv\u00e6rt godt bes\u00f8kt generalforsamling i Yvenhytta 26. mai, der det med bred enighet ble gjort flere viktige vedtak.<\/p>\n<h5><strong>Feil i protokollen<\/strong><br \/>\nVi regner med at alle har f\u00e5tt protokoll fra generalforsamlingen. Dessverre er det et par feil i denne, som her rettes opp:<\/h5>\n<ol>\n<li>Etter vedtak under generalforsamlingen har<strong> Ordensreglementets punkt 16<\/strong> n\u00e5 f\u00f8lgende ordlyd: \u00abI sommerhalv\u00e5ret kan bobileiere leie et begrenset antall parkeringsplasser p\u00e5 \u00abIsbanen\u00bb, tidsbegrenset fra 15. april til 1. oktober. For disse betales leie tilsvarende m\u00e5nedlig avgift for parkeringsplass i garasjeanlegg.\u00bb<\/li>\n<li>Under <strong>Forslag G: Sikkerhets-, rehabiliterings- og vedlikeholdsplan<\/strong> ble det oppf\u00f8rt 10,8 mill. kr. til omtekking av yttertak p\u00e5 blokkene. Dette bel\u00f8pet ble under m\u00f8tet korrigert til <strong>5,8<\/strong> mill. kr.<\/li>\n<\/ol>\n<p>&nbsp;<\/p>\n<h5><strong>Nytt styre<br \/>\n<\/strong>Generalforsamlingen valgte nytt styre med f\u00f8lgende sammensetning:<\/h5>\n<p>Leder <strong>Bj\u00f8rn Egil Thorbj\u00f8rnsen<\/strong>, Skogholtet 4 \u2013 leil. 32. Valgt for 2015-2017.<br \/>\nStyremedlem <strong>Per-Arne Polsr\u00f8d<\/strong>, Skogholtet 15 \u2013 leil. 11. Valgt for 2015-2017.<br \/>\nStyremedlem <strong>Ove H\u00f8vik<\/strong>, Skogholtet 20 \u2013 leil. 021. Valgt for 2015-2017.<br \/>\nStyremedlem <strong>Monika Dalan<\/strong>, Skogholtet 10 \u2013 leil. 11. Valgt for 2014-2016.<br \/>\nStyremedlem <strong>Carla Dominis<\/strong>, Skogholtet 22 \u2013 leil. 021. Valgt for 2014-2016.<br \/>\nStyremedlem <strong>Lars-Erik Pettersen<\/strong>, Skogholtet 28 \u2013 leil. 011. Valgt for 2014-2016.<\/p>\n<p>Varamedlemmer \u2013 i denne rekkef\u00f8lge \u2013 valgt for ett \u00e5r: <strong>Guro Marie Thorp<\/strong>, <strong>Erik Andersen<\/strong>, <strong>Birger H. Nilsen<\/strong>.<\/p>\n<p>Den nye styrelederen har f\u00f8lgende telefonnummer og e-postadresse:<br \/>\n<strong>90 55 03 32 <\/strong>&#8211; <strong>bjoegith@online.no<\/strong><\/p>\n<p>Foretrukket telefontid: <strong>Mandag-torsdag kl. 16:00 \u2013 18:00<\/strong><\/p>\n<p>&nbsp;<\/p>\n<h5><strong>Forest\u00e5ende vedlikeholdsprosjekter<\/strong><strong><br \/>\n<\/strong><\/h5>\n<p><strong>Fuktskadet gavlvegg 7<\/strong> <strong>(s\u00f8r p\u00e5 blokk 4):<\/strong> Ytterkledning er allerede revet og betongen skal t\u00f8rke i et par sommerm\u00e5neder. En del sm\u00e5reparasjoner av betong n\u00f8dvendig. Det ble innhentet tre anbud. Til gjenoppbygging har styret valgt murerfirmaet <strong>Lasse Holst AS<\/strong>.<\/p>\n<p><strong>Omtekking av 5300 kvm yttertak (6 blokker):<\/strong> Det ble innhentet fire anbud. Arbeidet inkluderer bl.a. riving av beslag og nye skifertopper p\u00e5 24 piper, samt utskifting av 12 stk. sluk med rustfrie r\u00f8r. Til \u00e5 utf\u00f8re oppdraget har styret valgt firmaet <strong>Torbj\u00f8rn Lemtun AS<\/strong>.<\/p>\n<p><strong>Maling av terrassekasser:<\/strong> Samtlige terrassekasser og forkantbord skal h\u00f8ytrykkspyles og males (1 str\u00f8k). Det ble innhentet fire anbud. Oppdraget g\u00e5r til <strong>Malerfirmaet Ronny Marcussen<\/strong>. Beboerne blir i god tid orientert om n\u00e5r vask og maling skal utf\u00f8res. Det er viktig at alle terrassem\u00f8bler stues bort og tildekkes. All <u>overhengende<\/u> beplantning m\u00e5 klippes vekk (jfr. ordensreglementet, nytt punkt 25). <strong>Der dette ikke er gjort, m\u00e5 malerfirmaet ta jobben for andelseiers kostnad!<\/strong><\/p>\n<p><strong>Ny belysning i fellesarealer:\u00a0<\/strong>All gammel belysning i garasjer, kjeller- og mellomganger skal skiftes ut med nye LED-armaturer (uten sensorer). Det er s\u00e5 langt innhentet to anbud.<\/p>\n<p><strong>Annet malerarbeid: <\/strong>Det p\u00e5g\u00e5r for tiden maling av alt treverk i utend\u00f8rs rekkverk. Styret vurderer dessuten \u00e5 igangsette malerarbeid i kjeller- og mellomganger. Mer info om dette senere.<\/p>\n<p><strong>Ladestasjon for el-biler:<\/strong> Styret vurderer \u00e5 igangsette et pr\u00f8veprosjekt i det gamle traktor-rommet i nedre garasjeanlegg. N\u00e6rmere informasjon senere.<\/p>\n<p><strong>Tv- og bredb\u00e5ndleverand\u00f8r:<\/strong> I tr\u00e5d med styrets forslag og vedtak i generalforsamlingen har styret inng\u00e5tt ny tre\u00e5rig avtale med <strong>Canal Digital<\/strong>, gjeldende fra 1. september d.\u00e5. Ny pris pr. leilighet blir <strong>kr<\/strong> <strong>299 pr. m\u00e5ned <\/strong>(inkludert i husleie), som inkluderer oppgradering av netthastighet fra 5 til <strong>25 Mbps<\/strong> (megabyte pr. sekund), ny <strong>tv-dekoder<\/strong> og <strong>48 kanaler<\/strong>, hvorav <strong>15 valgfrie<\/strong>.<\/p>\n<p>Beboere som allerede har oppgradert netthastighet til henholdsvis 25 og 50 Mbps, vil etter 1. september slippe \u00e5 betale eller f\u00e5 redusert sine ekstrakostnader tilsvarende 25 Mbps.<\/p>\n<p>Canal Digital vil montere nye dekodere i l\u00f8pet av september. Styret forutsetter at de som \u00f8nsker det, skal f\u00e5 beholde gamle dekodere.<\/p>\n<p>&nbsp;<\/p>\n<h5><strong>Reservevaktmestere<\/strong><\/h5>\n<p>Styret har engasjert beboer <strong>Svend Dyhre<\/strong> som den f\u00f8rste av forh\u00e5pentlig flere \u00abreservevaktmestere\u00bb. Disse skal etter behov tilkalles og bist\u00e5 med vedlikehold og annet forefallende arbeid. Engasjementet l\u00f8nnes etter fast timesats, og ordningen er gitt en pr\u00f8vetid p\u00e5 to \u00e5r.<\/p>\n<p>&nbsp;<\/p>\n<h5><strong>Beboerm\u00f8te<\/strong><\/h5>\n<p>Styret planlegger et m\u00f8te med beboerne i Yvenhytta <strong>onsdag 7. oktober<\/strong>. N\u00e6rmere informasjon kommer i god tid f\u00f8r m\u00f8tet.<\/p>\n<p>Med dette \u00f8nsker vi alle v\u00e5re beboere en <strong>god sommer!<\/strong><\/p>\n<p>&nbsp;<\/p>\n<p>Vennlig hilsen<br \/>\nStyret<\/p>\n","protected":false},"excerpt":{"rendered":"<p>Styret takker for en vellykket og sv\u00e6rt godt bes\u00f8kt generalforsamling i Yvenhytta 26. mai, der det med bred enighet ble gjort flere viktige vedtak. Feil i protokollen Vi regner med at alle har f\u00e5tt protokoll fra generalforsamlingen. Dessverre er det et par feil i denne, som her rettes opp: Etter vedtak under generalforsamlingen har Ordensreglementets [&hellip;]<\/p>\n","protected":false},"author":1,"featured_media":0,"comment_status":"open","ping_status":"open","sticky":false,"template":"","format":"standard","meta":{"ngg_post_thumbnail":0,"jetpack_post_was_ever_published":false,"_jetpack_newsletter_access":"","_jetpack_dont_email_post_to_subs":false,"_jetpack_newsletter_tier_id":0,"_jetpack_memberships_contains_paywalled_content":false,"footnotes":"","_jetpack_memberships_contains_paid_content":false},"categories":[3],"tags":[],"jetpack_featured_media_url":"","jetpack_sharing_enabled":true,"jetpack_shortlink":"https:\/\/wp.me\/pcD7gH-9v","_links":{"self":[{"href":"https:\/\/hannestadterrasse.no\/index.php?rest_route=\/wp\/v2\/posts\/589"}],"collection":[{"href":"https:\/\/hannestadterrasse.no\/index.php?rest_route=\/wp\/v2\/posts"}],"about":[{"href":"https:\/\/hannestadterrasse.no\/index.php?rest_route=\/wp\/v2\/types\/post"}],"author":[{"embeddable":true,"href":"https:\/\/hannestadterrasse.no\/index.php?rest_route=\/wp\/v2\/users\/1"}],"replies":[{"embeddable":true,"href":"https:\/\/hannestadterrasse.no\/index.php?rest_route=%2Fwp%2Fv2%2Fcomments&post=589"}],"version-history":[{"count":5,"href":"https:\/\/hannestadterrasse.no\/index.php?rest_route=\/wp\/v2\/posts\/589\/revisions"}],"predecessor-version":[{"id":597,"href":"https:\/\/hannestadterrasse.no\/index.php?rest_route=\/wp\/v2\/posts\/589\/revisions\/597"}],"wp:attachment":[{"href":"https:\/\/hannestadterrasse.no\/index.php?rest_route=%2Fwp%2Fv2%2Fmedia&parent=589"}],"wp:term":[{"taxonomy":"category","embeddable":true,"href":"https:\/\/hannestadterrasse.no\/index.php?rest_route=%2Fwp%2Fv2%2Fcategories&post=589"},{"taxonomy":"post_tag","embeddable":true,"href":"https:\/\/hannestadterrasse.no\/index.php?rest_route=%2Fwp%2Fv2%2Ftags&post=589"}],"curies":[{"name":"wp","href":"https:\/\/api.w.org\/{rel}","templated":true}]}}